{"id":1516,"date":"2026-04-29T10:23:44","date_gmt":"2026-04-29T08:23:44","guid":{"rendered":"https:\/\/andijah.eu\/?p=1516"},"modified":"2026-04-29T10:23:44","modified_gmt":"2026-04-29T08:23:44","slug":"wochenschnipsel-2618","status":"publish","type":"post","link":"https:\/\/andijah.eu\/index.php\/2026\/04\/29\/wochenschnipsel-2618\/","title":{"rendered":"Wochenschnipsel 2618"},"content":{"rendered":"\n<p>Irgendwo in den B\u00fcschen und B\u00e4umen rund um den Fluss wohnt ein Kuckuck. Ich h\u00f6re ihn (sie?) regelm\u00e4\u00dfig rufen und heute sah ich ihn fliegen. Das war toll. <\/p>\n\n\n\n<p>Heute habe ich einiges vorzubereiten f\u00fcr unser traditionelles Gartenfest, das morgen stattfinden wird. Gestern bin ich zum Hofladen geradelt, denn der wird von einer der ganz wenigen (kleinen) Molkereien beliefert, die noch Schichtk\u00e4se herstellen. Wer das nicht kennt, Schichtk\u00e4se ist eine Art quarkartiger Frischk\u00e4se, den man vor allem f\u00fcr oberhessischen &#8222;Mattekuche&#8220; (K\u00e4sekuchen) braucht. Im Supermarkt bekommt man ihn nicht mehr. Wobei ich gerade gelernt habe, dass der Schichtk\u00e4se, den es bis zur Einstellung der Produktion in unserem Supermarkt gab, tats\u00e4chlich von M\u00fcller hergestellt wurde, und da bin ich ja fast ein wenig froh, dass es diese Variante nicht mehr gibt, denn M\u00fcller geht gar nicht. <br>Jedenfalls radelte ich frohgemut zum Hofladen, f\u00fcnf Kilometer quer \u00fcber die Feldwege, und dann gab es weder Schichtk\u00e4se noch Quark noch Joghurt. Mittwochs k\u00e4me die neue Lieferung, aber eher sp\u00e4t. Also werde ich mich am Nachmittag nochmal aufmachen. <\/p>\n\n\n\n<p>Und zum Supermarkt muss ich auch noch, all das kaufen, das ich gestern vergessen habe. Und dann muss die Garage aufger\u00e4umt werden und die Tische gestellt und ich bin sicher, der wilde Hund wird uns dabei &#8222;helfen&#8220; wollen, wie er das immer so gerne macht.<\/p>\n\n\n\n<p>Gestern sagte mir ein Chormitglied, ich h\u00e4tte ja so einen s\u00fc\u00dfen Hund und der sei ja so gut erzogen. Innerlich musste ich schmunzeln, denn auch wenn wir im Moment viele Situationen haben, in denen sich der wilde Hund absolut vorbildlich verh\u00e4lt (vor allem, wenn andere Hunde p\u00f6beln), gibt es auch bei ihm noch ausreichend Gelegenheiten, wo er zeigt, dass er seinen Spitznamen nicht von ungef\u00e4hrt bekommen hat. Gerade liegt er an einem seiner Lieblingspl\u00e4tze im B\u00fcro, den R\u00fccken am B\u00fccherregal angelehnt. <\/p>\n\n\n\n<p>Weil ich schon lange keine Fl\u00f6ten oder Whistles mehr gekauft habe, schleiche ich gerade mal wieder um verschiedene Instrumente herum. Also, ich schleiche virtuell, beim St\u00f6bern in den entsprechenden Online-Shops. Wirklich &#8222;brauchen&#8220; tu ich ja nix. Mal sehen, wie lange ich dieser inneren Stimme widerstehen kann. Und es steht eh noch eine Lieferung aus; bestellt und bezahlt im Dezember und angek\u00fcndigt f\u00fcr April und verschoben auf Juni. Aber wenn das Instrument dann da ist, gibt es ein Video. <\/p>\n\n\n\n<p>Zum Schluss noch der Hinweis, dass ich vorgestern mal wieder \u00fcber ein Buch gebloggt habe: &#8222;<a href=\"https:\/\/andijah.eu\/index.php\/2026\/04\/27\/aus-meinem-buecherschrank-so-jung-brechen-wir-nicht-mehr-zusammen\/\" data-type=\"post\" data-id=\"1513\">So jung brechen wir nicht mehr zusammen<\/a>&#8222;.<\/p>\n\n\n\n<p>In diesem Sinne, danke f\u00fcrs Lesen &amp; bis bald!<\/p>\n","protected":false},"excerpt":{"rendered":"<p>Irgendwo in den B\u00fcschen und B\u00e4umen rund um den Fluss wohnt ein Kuckuck. Ich h\u00f6re ihn (sie?) regelm\u00e4\u00dfig rufen und heute sah ich ihn fliegen. Das war toll. Heute habe ich einiges vorzubereiten f\u00fcr unser traditionelles Gartenfest, das morgen stattfinden &hellip; <a href=\"https:\/\/andijah.eu\/index.php\/2026\/04\/29\/wochenschnipsel-2618\/\">Continue reading <span class=\"meta-nav\">&rarr;<\/span><\/a><\/p>\n","protected":false},"author":2,"featured_media":0,"comment_status":"open","ping_status":"open","sticky":false,"template":"","format":"standard","meta":{"footnotes":""},"categories":[8,10,13],"tags":[176,317],"class_list":["post-1516","post","type-post","status-publish","format-standard","hentry","category-landleben","category-leben-mit-hund","category-musik","tag-lebenmithund","tag-wochenschnipsel"],"_links":{"self":[{"href":"https:\/\/andijah.eu\/index.php\/wp-json\/wp\/v2\/posts\/1516","targetHints":{"allow":["GET"]}}],"collection":[{"href":"https:\/\/andijah.eu\/index.php\/wp-json\/wp\/v2\/posts"}],"about":[{"href":"https:\/\/andijah.eu\/index.php\/wp-json\/wp\/v2\/types\/post"}],"author":[{"embeddable":true,"href":"https:\/\/andijah.eu\/index.php\/wp-json\/wp\/v2\/users\/2"}],"replies":[{"embeddable":true,"href":"https:\/\/andijah.eu\/index.php\/wp-json\/wp\/v2\/comments?post=1516"}],"version-history":[{"count":1,"href":"https:\/\/andijah.eu\/index.php\/wp-json\/wp\/v2\/posts\/1516\/revisions"}],"predecessor-version":[{"id":1517,"href":"https:\/\/andijah.eu\/index.php\/wp-json\/wp\/v2\/posts\/1516\/revisions\/1517"}],"wp:attachment":[{"href":"https:\/\/andijah.eu\/index.php\/wp-json\/wp\/v2\/media?parent=1516"}],"wp:term":[{"taxonomy":"category","embeddable":true,"href":"https:\/\/andijah.eu\/index.php\/wp-json\/wp\/v2\/categories?post=1516"},{"taxonomy":"post_tag","embeddable":true,"href":"https:\/\/andijah.eu\/index.php\/wp-json\/wp\/v2\/tags?post=1516"}],"curies":[{"name":"wp","href":"https:\/\/api.w.org\/{rel}","templated":true}]}}