{"id":284,"date":"2014-08-20T10:09:51","date_gmt":"2014-08-20T09:09:51","guid":{"rendered":"http:\/\/andijah.wordpress.com\/?p=284"},"modified":"2014-08-20T10:09:51","modified_gmt":"2014-08-20T09:09:51","slug":"die-woche-34","status":"publish","type":"post","link":"https:\/\/andijah.eu\/index.php\/2014\/08\/20\/die-woche-34\/","title":{"rendered":"Die Woche (34)"},"content":{"rendered":"<p>Hurra, ich bin wieder im Rhythmus &#8211; also, was mein Mittwochsposting im Blog angeht. Aber auch sonst geht es mir im Moment sehr gut, jobm\u00e4\u00dfig knirscht es zwar nach wie vor, aber damit kann ich gut leben. Gesundheitlich ist alles bestens, dar\u00fcber bin ich froh und dankbar.<\/p>\n<p>Was mich in den letzten Tagen sehr bewegt hat, waren zwei Blogposts von meinem lieben (Twitter-)Freund Jens \u00fcber die vielen Konflikte in der Welt und den Umgang damit. Wer nachlesen m\u00f6chte:<br \/>\nhttp:\/\/blog.jens-bertrams.de\/2014\/08\/pessimistisches-zur-weltlage\/ und http:\/\/blog.jens-bertrams.de\/2014\/08\/steuern-wir-auf-einen-dritten-weltkrieg-zu\/<\/p>\n<p>Ich sehe mich selbst ja eher auf der optimistischen Seite, aber ich gebe zu, dass mir das angesichts dessen, was einem t\u00e4glich an Nachrichten auf den Bildschirm gesp\u00fclt wird, auch nicht immer leicht f\u00e4llt. Trotzdem denke ich, dass wir nach wie vor im Kleinen viel bewegen k\u00f6nnen, in dem wir unsere eigene Haltung und unser Verhalten reflektieren, und vor allen zu anderen Menschen nicht unn\u00f6tig unh\u00f6flich, aggressiv oder respektlos sind. Ich will beleibe nicht den ganzen Tag l\u00e4chelnd durch die Gegend laufen, weil dadurch alles sch\u00f6n und harmonisch wird, aber wenn ich innerlich auf Krawall geb\u00fcrstet bin, will ich es m\u00f6glichst nicht an meinen Mitmenschen auslassen. Wer mich kennt, wei\u00df, dass mir das nicht immer gelingt \ud83d\ude09 Aber den Versuch ist es wert.<\/p>\n","protected":false},"excerpt":{"rendered":"<p>Hurra, ich bin wieder im Rhythmus &#8211; also, was mein Mittwochsposting im Blog angeht. Aber auch sonst geht es mir im Moment sehr gut, jobm\u00e4\u00dfig knirscht es zwar nach wie vor, aber damit kann ich gut leben. Gesundheitlich ist alles &hellip; <a href=\"https:\/\/andijah.eu\/index.php\/2014\/08\/20\/die-woche-34\/\">Continue reading <span class=\"meta-nav\">&rarr;<\/span><\/a><\/p>\n","protected":false},"author":2,"featured_media":0,"comment_status":"open","ping_status":"open","sticky":false,"template":"","format":"standard","meta":{"footnotes":""},"categories":[11,16],"tags":[],"class_list":["post-284","post","type-post","status-publish","format-standard","hentry","category-meinung","category-sammelsurium"],"_links":{"self":[{"href":"https:\/\/andijah.eu\/index.php\/wp-json\/wp\/v2\/posts\/284","targetHints":{"allow":["GET"]}}],"collection":[{"href":"https:\/\/andijah.eu\/index.php\/wp-json\/wp\/v2\/posts"}],"about":[{"href":"https:\/\/andijah.eu\/index.php\/wp-json\/wp\/v2\/types\/post"}],"author":[{"embeddable":true,"href":"https:\/\/andijah.eu\/index.php\/wp-json\/wp\/v2\/users\/2"}],"replies":[{"embeddable":true,"href":"https:\/\/andijah.eu\/index.php\/wp-json\/wp\/v2\/comments?post=284"}],"version-history":[{"count":0,"href":"https:\/\/andijah.eu\/index.php\/wp-json\/wp\/v2\/posts\/284\/revisions"}],"wp:attachment":[{"href":"https:\/\/andijah.eu\/index.php\/wp-json\/wp\/v2\/media?parent=284"}],"wp:term":[{"taxonomy":"category","embeddable":true,"href":"https:\/\/andijah.eu\/index.php\/wp-json\/wp\/v2\/categories?post=284"},{"taxonomy":"post_tag","embeddable":true,"href":"https:\/\/andijah.eu\/index.php\/wp-json\/wp\/v2\/tags?post=284"}],"curies":[{"name":"wp","href":"https:\/\/api.w.org\/{rel}","templated":true}]}}